{"id":1688,"date":"2018-03-27T17:36:28","date_gmt":"2018-03-27T15:36:28","guid":{"rendered":"http:\/\/asvschrems.com\/soccer\/?p=1688"},"modified":"2018-03-31T18:56:07","modified_gmt":"2018-03-31T16:56:07","slug":"asv-schrems-sc-wieselburg","status":"publish","type":"post","link":"https:\/\/www.asvschrems.com\/fussball\/2018\/03\/27\/asv-schrems-sc-wieselburg\/","title":{"rendered":"ASV Schrems &#8211; SC Wieselburg"},"content":{"rendered":"<p>\/\/ Fu\u00dfball \u00d6sterreich Beitrag:\u00a0<a href=\"https:\/\/vereine.fussballoesterreich.at\/asvschrems\/Spielbericht\/?Schrems-vs-Wieselburg&amp;:s=2086986\">https:\/\/vereine.fussballoesterreich.at\/asvschrems\/Spielbericht\/?Schrems-vs-Wieselburg&amp;:s=2086986<\/a><\/p>\n<p>\/\/ U23 verliert 1:4:\u00a0<a href=\"https:\/\/vereine.fussballoesterreich.at\/asvschrems\/Spielbericht\/?Schrems-vs-Wieselburg&amp;:s=2086987\">https:\/\/vereine.fussballoesterreich.at\/asvschrems\/Spielbericht\/?Schrems-vs-Wieselburg&amp;:s=2086987<\/a><\/p>\n<p>\/\/ Mein Fussball Bericht mit Fotos:\u00a0<a href=\"http:\/\/meinfussball.at\/Vereine\/ASV-EATON-Schrems\/Berichte\/Punkteteilung-im-Duell-der-Braustaedte.html\">http:\/\/meinfussball.at\/Vereine\/ASV-EATON-Schrems\/Berichte\/Punkteteilung-im-Duell-der-Braustaedte.html<\/a><\/p>\n<p>Wir bedanken uns bei der <strong>Volksbank Heidenreichstein<\/strong>, vertreten durch den Regionalleiter Hr. Dir. Andreas Schuster und einem alten Bekannten, Kommerzkundenberater Bruno Meyer, f\u00fcr die \u00dcbernahme der Patronanz beim 1:1 Unentschieden gegen Wieselburg.<\/p>\n<p><img loading=\"lazy\" decoding=\"async\" class=\"alignnone wp-image-1692 size-large\" src=\"http:\/\/asvschrems.com\/soccer\/wp-content\/uploads\/2018\/03\/29665293_1753473858043517_40923855092519124_o-1024x678.jpg\" alt=\"\" width=\"1024\" height=\"678\" srcset=\"https:\/\/www.asvschrems.com\/fussball\/wp-content\/uploads\/2018\/03\/29665293_1753473858043517_40923855092519124_o-1024x678.jpg 1024w, https:\/\/www.asvschrems.com\/fussball\/wp-content\/uploads\/2018\/03\/29665293_1753473858043517_40923855092519124_o-300x199.jpg 300w, https:\/\/www.asvschrems.com\/fussball\/wp-content\/uploads\/2018\/03\/29665293_1753473858043517_40923855092519124_o-768x509.jpg 768w, https:\/\/www.asvschrems.com\/fussball\/wp-content\/uploads\/2018\/03\/29665293_1753473858043517_40923855092519124_o-128x85.jpg 128w, https:\/\/www.asvschrems.com\/fussball\/wp-content\/uploads\/2018\/03\/29665293_1753473858043517_40923855092519124_o-32x21.jpg 32w, https:\/\/www.asvschrems.com\/fussball\/wp-content\/uploads\/2018\/03\/29665293_1753473858043517_40923855092519124_o.jpg 2048w\" sizes=\"auto, (max-width: 1024px) 100vw, 1024px\" \/><\/p>\n<p>Bericht zum 1:1 (1:0) der KM gegen Wieselburg<br \/>\nUnsere KM traf am 30. M\u00e4rz in der 16. Runde der 2. Landesliga West zuhause auf Wieselburg. Die ca. 250 Zuschauer sahen ein 1:1 (1:0) Unentschieden.<\/p>\n<p>Der Spielverlauf im Detail:<br \/>\nNach 14 Spielminuten \u00fcbernimmt Schrems mit dem 1:0 von Andreas Fuger die F\u00fchrung.<br \/>\nIn Minute 25 wird Reinhard Wurzer von Schiedsrichter Richard Zeinzinger verwarnt.<br \/>\nUnsportlichem Verhalten bringt Tobias Saffertm\u00fcller in Minute 36 eine gelbe Karte.<br \/>\nWieselburg gleicht in der 51. Minute durch Gabriel Hinterberger zum 1:1 aus.<br \/>\nNach zu heftiger Kritik wird Michal Ordos in Minute 62 verwarnt.<br \/>\nWegen Kritik erh\u00e4lt Nemanja Marinkovic in Minute 64 eine gelbe Karte.<br \/>\nF\u00fcr ein Foul erh\u00e4lt Roman Wurzer in Minute 72 eine gelbe Karte.<br \/>\nF\u00fcr ein Foul erh\u00e4lt Andreas Lahmer in Minute 76 eine gelbe Karte.<br \/>\nF\u00fcr ein Foul erh\u00e4lt Marek Jungr in Minute 85 eine gelbe Karte.<br \/>\nFazit &amp; Tabellensituation:<br \/>\nMit dem Unentschieden gegen Wieselburg konnten wir unseren 2. Tabellenplatz halten.<\/p>\n<p>Schrems &#8211; Wieselburg 1:1 (1:0)<\/p>\n<p>Freitag, 30. M\u00e4rz 2018, Schrems, 250 Zuseher, SR Richard Zeinzinger<\/p>\n<p>Tore:<br \/>\n1:0 Andreas Fuger (14.)<br \/>\n1:1 Gabriel Hinterberger (51.)<\/p>\n<p>Schrems: M. Liebhart &#8211; P. Binder (42. K. Haider) &#8211; C. Schilling, A. Fuger (90+2. B. Brantner), M. Jungr &#8211; B. Dede, N. Marinkovic &#8211; B. Kollenz, T. Masch, S. Nikbay &#8211; A. Weber; A. Ruso, K. Altrichter, M. Fuger<br \/>\nTrainer: Edgar Eichler<\/p>\n<p>Wieselburg: M. Loidl &#8211; O. \u0160ourek &#8211; P. Roher, R. Wurzer, N. Skriwan (67. P. G\u00f6bl) &#8211; A. Lahmer &#8211; A. Schluder &#8211; M. Ordos &#8211; R. Wurzer (75. D. Einsiedl) &#8211; G. Hinterberger &#8211; T. Saffertm\u00fcller; M. Zehetgruber, L. Biber, J. Biber<br \/>\nTrainer: Markus Hiess<\/p>\n<p>Karten:<br \/>\nGelb: Nemanja Marinkovic (64., Kritik), Marek Jungr (85., Foul) bzw. Reinhard Wurzer (25., Foul), Tobias Saffertm\u00fcller (36., Unsportl.), Michal Ordos (62., Kritik), Roman Wurzer (72., Foul), Andreas Lahmer (76., Foul)<\/p>\n<p>&nbsp;<\/p>\n<p><strong>16. Runde &#8211; 2.LL West<\/strong><br \/>\nSpielbeginn:<br \/>\nU23: 17:30<br \/>\nKampfmannschaft: 19:30<\/p>\n<p><strong>Patronanz:\u00a0<\/strong><br \/>\nVolksbank Heidenreichstein<br \/>\nHr. Dir. Prok. Andreas Schuster<br \/>\nStadtplatz 17, 3860 Heidenreichstein<\/p>\n<p>Unsere KM empf\u00e4ngt am 30. M\u00e4rz Wieselburg. Angepfiffen wird das Spiel der 16. Runde der 2. Landesliga West um 19:30 Uhr von Richard Zeinzinger.<\/p>\n<p>Besonders aufpassen muss jedoch Marek Jungr. Nur noch eine weitere gelbe Karte, und er muss im n\u00e4chsten Spiel zusehen. Bei Wieselburg ist Markus Speiser vorbelastet.<\/p>\n<p>Mit 25 Spielern ist unser Kader um 2 Personen gr\u00f6\u00dfer als der von Wieselburg<br \/>\nDas Durchschnittsalter liegt bei 24,0 zu 23,0 Jahren.<\/p>\n<p>Unsere Mannschaft stellt mit Nemanja Marinkovic (15 Tore) die Nummer 1 der aktuellen Torsch\u00fctzenliste. Mit 11 Toren auf Rang 7 steht Gabriel Hinterberger als Top-Torj\u00e4ger von Wieselburg.<\/p>\n<p>Mit 6 Punkten Differenz zum vor uns liegenden Tabellennachbar Kilb ist bei einem Sieg kein Vorr\u00fccken m\u00f6glich. Verfolger Wieselburg kann unseren 2. Tabellenplatz mit 3 Punkten R\u00fcckstand gef\u00e4hrden.<\/p>\n<p>Mit 9 Siege, 5 Unentschieden und 1 Niederlage erreichte unsere KM 32 Punkte in 15 Spielen. Die Mannschaft von Trainer Markus Hiess liegt mit 29 Punkten auf Platz 3, und damit nur einen Platz hinter unserer Mannschaft.<\/p>\n<p>Aus den letzten 5 Begegnungen mit Wieselburg konnten wir 7 Punkte gutschreiben. Den h\u00f6chsten Sieg gegen Wieselburg feierten wir mit\u00a0 5:0 am 13. Juni 2015.<\/p>\n<p>Zuletzt spielte Wieselburg gegen Wei\u00dfenkirchen und gewann 4:1.<\/p>\n<p>&nbsp;<\/p>\n","protected":false},"excerpt":{"rendered":"<p>\/\/ Fu\u00dfball \u00d6sterreich Beitrag:\u00a0https:\/\/vereine.fussballoesterreich.at\/asvschrems\/Spielbericht\/?Schrems-vs-Wieselburg&amp;:s=2086986 \/\/ U23 verliert 1:4:\u00a0https:\/\/vereine.fussballoesterreich.at\/asvschrems\/Spielbericht\/?Schrems-vs-Wieselburg&amp;:s=2086987 \/\/ Mein Fussball Bericht mit Fotos:\u00a0http:\/\/meinfussball.at\/Vereine\/ASV-EATON-Schrems\/Berichte\/Punkteteilung-im-Duell-der-Braustaedte.html Wir bedanken uns bei der Volksbank Heidenreichstein, vertreten durch den Regionalleiter Hr. Dir. Andreas Schuster und einem alten Bekannten, Kommerzkundenberater Bruno Meyer, f\u00fcr die \u00dcbernahme der Patronanz beim 1:1 Unentschieden gegen Wieselburg. Bericht zum 1:1 (1:0) der KM gegen Wieselburg Unsere&hellip;<\/p>\n","protected":false},"author":1,"featured_media":1691,"comment_status":"closed","ping_status":"closed","sticky":false,"template":"","format":"standard","meta":{"inline_featured_image":false,"footnotes":""},"categories":[58],"tags":[],"class_list":["post-1688","post","type-post","status-publish","format-standard","has-post-thumbnail","hentry","category-match","category-58","description-off"],"_links":{"self":[{"href":"https:\/\/www.asvschrems.com\/fussball\/wp-json\/wp\/v2\/posts\/1688","targetHints":{"allow":["GET"]}}],"collection":[{"href":"https:\/\/www.asvschrems.com\/fussball\/wp-json\/wp\/v2\/posts"}],"about":[{"href":"https:\/\/www.asvschrems.com\/fussball\/wp-json\/wp\/v2\/types\/post"}],"author":[{"embeddable":true,"href":"https:\/\/www.asvschrems.com\/fussball\/wp-json\/wp\/v2\/users\/1"}],"replies":[{"embeddable":true,"href":"https:\/\/www.asvschrems.com\/fussball\/wp-json\/wp\/v2\/comments?post=1688"}],"version-history":[{"count":0,"href":"https:\/\/www.asvschrems.com\/fussball\/wp-json\/wp\/v2\/posts\/1688\/revisions"}],"wp:featuredmedia":[{"embeddable":true,"href":"https:\/\/www.asvschrems.com\/fussball\/wp-json\/wp\/v2\/media\/1691"}],"wp:attachment":[{"href":"https:\/\/www.asvschrems.com\/fussball\/wp-json\/wp\/v2\/media?parent=1688"}],"wp:term":[{"taxonomy":"category","embeddable":true,"href":"https:\/\/www.asvschrems.com\/fussball\/wp-json\/wp\/v2\/categories?post=1688"},{"taxonomy":"post_tag","embeddable":true,"href":"https:\/\/www.asvschrems.com\/fussball\/wp-json\/wp\/v2\/tags?post=1688"}],"curies":[{"name":"wp","href":"https:\/\/api.w.org\/{rel}","templated":true}]}}