{"id":2706,"date":"2021-08-05T17:52:09","date_gmt":"2021-08-05T15:52:09","guid":{"rendered":"https:\/\/www.asvschrems.com\/fussball\/?p=2706"},"modified":"2021-08-05T17:58:48","modified_gmt":"2021-08-05T15:58:48","slug":"willkommen-in-der-elk-arena","status":"publish","type":"post","link":"https:\/\/www.asvschrems.com\/fussball\/2021\/08\/05\/willkommen-in-der-elk-arena\/","title":{"rendered":"Willkommen in der ELK Arena"},"content":{"rendered":"<h2><strong>ELK neuer Premium Partner des ASV Eaton Schrems<\/strong><\/h2>\n<p>Der ASV Eaton Schrems ist stolz einen neuen Premium Partner an Bord begr\u00fc\u00dfen zu d\u00fcrfen: Den Fertighaus-Marktf\u00fchrer <strong>ELK<\/strong>. Ab sofort werden alle Heimspiele in der ELK Arena ausgetragen und die Kampfmannschaft wird in neuen Trikots mit dem ELK Logo auflaufen.<\/p>\n<p>\u201eWir sind stolz neuer Partner des ASV Eaton Schrems zu sein und damit einen weiteren wichtigen Beitrag f\u00fcr die Region leisten zu k\u00f6nnen.\u201c so Thomas Scheriau, Gesch\u00e4ftsf\u00fchrer bei ELK. Claus Tampier, Obmann des ASV Eaton Schrems ist von der Partnerschaft ebenfalls begeistert: \u201eWir freuen uns, dass ELK sein regionales Engagement noch einmal ausbaut und wir ein Schremser Traditionsunternehmen als neuen Premium Partner gewinnen konnten. Gemeinsam werden viel bewegen.\u201c<\/p>\n<p>Der ASV Eaton Schrems hat nun einen Partner an der Seite, der ebenfalls auf Regionalit\u00e4t und eine langfristige Partnerschaft setzt. Nicht nur dem Sportverein sind Spielerinnen und Spieler der Region wichtig, sondern auch ELK baut verst\u00e4rkt auf Mitarbeiterinnen und Mitarbeiter rund um Schrems. ELK m\u00f6chte mit seinem Engagement auch die Nachwuchsarbeit im Verein f\u00f6rdern.<\/p>\n<p><a href=\"https:\/\/www.asvschrems.com\/fussball\/wp-content\/uploads\/2021\/08\/WhatsApp-Image-2021-08-03-at-21.29.54.jpeg\"><img loading=\"lazy\" decoding=\"async\" class=\"alignleft wp-image-2710 size-medium\" src=\"https:\/\/www.asvschrems.com\/fussball\/wp-content\/uploads\/2021\/08\/WhatsApp-Image-2021-08-03-at-21.29.54-300x225.jpeg\" alt=\"\" width=\"300\" height=\"225\" srcset=\"https:\/\/www.asvschrems.com\/fussball\/wp-content\/uploads\/2021\/08\/WhatsApp-Image-2021-08-03-at-21.29.54-300x225.jpeg 300w, https:\/\/www.asvschrems.com\/fussball\/wp-content\/uploads\/2021\/08\/WhatsApp-Image-2021-08-03-at-21.29.54-1024x768.jpeg 1024w, https:\/\/www.asvschrems.com\/fussball\/wp-content\/uploads\/2021\/08\/WhatsApp-Image-2021-08-03-at-21.29.54-768x576.jpeg 768w, https:\/\/www.asvschrems.com\/fussball\/wp-content\/uploads\/2021\/08\/WhatsApp-Image-2021-08-03-at-21.29.54-1536x1152.jpeg 1536w, https:\/\/www.asvschrems.com\/fussball\/wp-content\/uploads\/2021\/08\/WhatsApp-Image-2021-08-03-at-21.29.54-128x96.jpeg 128w, https:\/\/www.asvschrems.com\/fussball\/wp-content\/uploads\/2021\/08\/WhatsApp-Image-2021-08-03-at-21.29.54-32x24.jpeg 32w, https:\/\/www.asvschrems.com\/fussball\/wp-content\/uploads\/2021\/08\/WhatsApp-Image-2021-08-03-at-21.29.54.jpeg 1600w\" sizes=\"auto, (max-width: 300px) 100vw, 300px\" \/><\/a><a class=\"dt-pswp-item\" href=\"https:\/\/www.asvschrems.com\/fussball\/wp-content\/uploads\/2021\/08\/WhatsApp-Image-2021-08-03-at-21.29.56.jpeg\" data-dt-img-description=\"\" data-large_image_width=\"1600\" data-large_image_height=\"1200\"><img loading=\"lazy\" decoding=\"async\" class=\"alignleft wp-image-2709 size-medium\" src=\"https:\/\/www.asvschrems.com\/fussball\/wp-content\/uploads\/2021\/08\/WhatsApp-Image-2021-08-03-at-21.29.56-300x225.jpeg\" alt=\"\" width=\"300\" height=\"225\" srcset=\"https:\/\/www.asvschrems.com\/fussball\/wp-content\/uploads\/2021\/08\/WhatsApp-Image-2021-08-03-at-21.29.56-300x225.jpeg 300w, https:\/\/www.asvschrems.com\/fussball\/wp-content\/uploads\/2021\/08\/WhatsApp-Image-2021-08-03-at-21.29.56-1024x768.jpeg 1024w, https:\/\/www.asvschrems.com\/fussball\/wp-content\/uploads\/2021\/08\/WhatsApp-Image-2021-08-03-at-21.29.56-768x576.jpeg 768w, https:\/\/www.asvschrems.com\/fussball\/wp-content\/uploads\/2021\/08\/WhatsApp-Image-2021-08-03-at-21.29.56-1536x1152.jpeg 1536w, https:\/\/www.asvschrems.com\/fussball\/wp-content\/uploads\/2021\/08\/WhatsApp-Image-2021-08-03-at-21.29.56-128x96.jpeg 128w, https:\/\/www.asvschrems.com\/fussball\/wp-content\/uploads\/2021\/08\/WhatsApp-Image-2021-08-03-at-21.29.56-32x24.jpeg 32w, https:\/\/www.asvschrems.com\/fussball\/wp-content\/uploads\/2021\/08\/WhatsApp-Image-2021-08-03-at-21.29.56.jpeg 1600w\" sizes=\"auto, (max-width: 300px) 100vw, 300px\" \/><\/a><\/p>\n","protected":false},"excerpt":{"rendered":"<p>ELK neuer Premium Partner des ASV Eaton Schrems Der ASV Eaton Schrems ist stolz einen neuen Premium Partner an Bord begr\u00fc\u00dfen zu d\u00fcrfen: Den Fertighaus-Marktf\u00fchrer ELK. Ab sofort werden alle Heimspiele in der ELK Arena ausgetragen und die Kampfmannschaft wird in neuen Trikots mit dem ELK Logo auflaufen. \u201eWir sind stolz neuer Partner des ASV&hellip;<\/p>\n","protected":false},"author":1,"featured_media":2707,"comment_status":"closed","ping_status":"closed","sticky":false,"template":"","format":"standard","meta":{"inline_featured_image":false,"footnotes":""},"categories":[59],"tags":[],"class_list":["post-2706","post","type-post","status-publish","format-standard","has-post-thumbnail","hentry","category-news","category-59","description-off"],"_links":{"self":[{"href":"https:\/\/www.asvschrems.com\/fussball\/wp-json\/wp\/v2\/posts\/2706","targetHints":{"allow":["GET"]}}],"collection":[{"href":"https:\/\/www.asvschrems.com\/fussball\/wp-json\/wp\/v2\/posts"}],"about":[{"href":"https:\/\/www.asvschrems.com\/fussball\/wp-json\/wp\/v2\/types\/post"}],"author":[{"embeddable":true,"href":"https:\/\/www.asvschrems.com\/fussball\/wp-json\/wp\/v2\/users\/1"}],"replies":[{"embeddable":true,"href":"https:\/\/www.asvschrems.com\/fussball\/wp-json\/wp\/v2\/comments?post=2706"}],"version-history":[{"count":0,"href":"https:\/\/www.asvschrems.com\/fussball\/wp-json\/wp\/v2\/posts\/2706\/revisions"}],"wp:featuredmedia":[{"embeddable":true,"href":"https:\/\/www.asvschrems.com\/fussball\/wp-json\/wp\/v2\/media\/2707"}],"wp:attachment":[{"href":"https:\/\/www.asvschrems.com\/fussball\/wp-json\/wp\/v2\/media?parent=2706"}],"wp:term":[{"taxonomy":"category","embeddable":true,"href":"https:\/\/www.asvschrems.com\/fussball\/wp-json\/wp\/v2\/categories?post=2706"},{"taxonomy":"post_tag","embeddable":true,"href":"https:\/\/www.asvschrems.com\/fussball\/wp-json\/wp\/v2\/tags?post=2706"}],"curies":[{"name":"wp","href":"https:\/\/api.w.org\/{rel}","templated":true}]}}