{"id":6868,"date":"2026-05-01T11:01:14","date_gmt":"2026-05-01T09:01:14","guid":{"rendered":"https:\/\/www.asvschrems.com\/fussball\/2026\/05\/01\/motiviert-von-den-letzten-beiden-heimsiegen\/"},"modified":"2026-05-01T13:15:17","modified_gmt":"2026-05-01T11:15:17","slug":"motiviert-von-den-letzten-beiden-heimsiegen","status":"publish","type":"post","link":"https:\/\/www.asvschrems.com\/fussball\/2026\/05\/01\/motiviert-von-den-letzten-beiden-heimsiegen\/","title":{"rendered":"Motiviert von den letzten beiden Heimsiegen \u2026"},"content":{"rendered":"<p>Motiviert von den letzten beiden Heimsiegen (ohne Gegentor!) spielen unsere Kicker der #km1 heute #ausw\u00e4rts gegen 1. Wiener Neust\u00e4dter SC um die n\u00e4chsten wichtigen Punkte \u26bd\u26bd\u26bd<br \/>\nUm 17 Uhr gehts los in der Ergo Arena Wr. Neustadt \ud83c\udfdf\ufe0f<\/p>\n<p>AUF GEHT&#8217;S SCHREMSER, K\u00c4MPFEN UND SIEGEN \ud83d\udd25\ud83d\udd25\ud83d\udd25\u2665\ufe0f\ud83d\udc99<\/p>\n<p>#asvschrems #einlebenlang<\/p>\n<p><a href=\"https:\/\/www.facebook.com\/1234684288456363\/posts\/1445557654035691\" rel=\"noopener\" target=\"_blank\">Auf Facebook ansehen<\/a><\/p>\n\n\n\n<figure class=\"wp-block-gallery has-nested-images columns-3 is-cropped wp-block-gallery-1 is-layout-flex wp-block-gallery-is-layout-flex\"><figure class=\"wp-block-image size-large\"><a href=\"https:\/\/www.asvschrems.com\/fussball\/wp-content\/uploads\/2026\/05\/682719664_1445528820705241_7488871417580380230_n.jpg\"><img loading=\"lazy\" decoding=\"async\" width=\"720\" height=\"720\" data-id=\"6869\" src=\"https:\/\/www.asvschrems.com\/fussball\/wp-content\/uploads\/2026\/05\/682719664_1445528820705241_7488871417580380230_n.jpg\" alt=\"Motiviert von den letzten beiden Heimsiegen \u2026\" class=\"wp-image-6869\" srcset=\"https:\/\/www.asvschrems.com\/fussball\/wp-content\/uploads\/2026\/05\/682719664_1445528820705241_7488871417580380230_n.jpg 720w, https:\/\/www.asvschrems.com\/fussball\/wp-content\/uploads\/2026\/05\/682719664_1445528820705241_7488871417580380230_n-300x300.jpg 300w, https:\/\/www.asvschrems.com\/fussball\/wp-content\/uploads\/2026\/05\/682719664_1445528820705241_7488871417580380230_n-150x150.jpg 150w\" sizes=\"auto, (max-width: 720px) 100vw, 720px\" \/><\/a><\/figure>\n<figure class=\"wp-block-image size-large\"><a href=\"https:\/\/www.asvschrems.com\/fussball\/wp-content\/uploads\/2026\/05\/682719664_1445528820705241_7488871417580380230_n-1.jpg\"><img loading=\"lazy\" decoding=\"async\" width=\"720\" height=\"720\" data-id=\"6870\" src=\"https:\/\/www.asvschrems.com\/fussball\/wp-content\/uploads\/2026\/05\/682719664_1445528820705241_7488871417580380230_n-1.jpg\" alt=\"Motiviert von den letzten beiden Heimsiegen \u2026\" class=\"wp-image-6870\" srcset=\"https:\/\/www.asvschrems.com\/fussball\/wp-content\/uploads\/2026\/05\/682719664_1445528820705241_7488871417580380230_n-1.jpg 720w, https:\/\/www.asvschrems.com\/fussball\/wp-content\/uploads\/2026\/05\/682719664_1445528820705241_7488871417580380230_n-1-300x300.jpg 300w, https:\/\/www.asvschrems.com\/fussball\/wp-content\/uploads\/2026\/05\/682719664_1445528820705241_7488871417580380230_n-1-150x150.jpg 150w\" sizes=\"auto, (max-width: 720px) 100vw, 720px\" \/><\/a><\/figure><\/figure>\n\n","protected":false},"excerpt":{"rendered":"<p>Motiviert von den letzten beiden Heimsiegen (ohne Gegentor!) spielen unsere Kicker der #km1 heute #ausw\u00e4rts gegen 1. Wiener Neust\u00e4dter SC um die n\u00e4chsten wichtigen Punkte \u26bd\u26bd\u26bd Um 17 Uhr gehts los in der Ergo Arena Wr. Neustadt \ud83c\udfdf\ufe0f AUF GEHT&#8217;S SCHREMSER, K\u00c4MPFEN UND SIEGEN \ud83d\udd25\ud83d\udd25\ud83d\udd25\u2665\ufe0f\ud83d\udc99 #asvschrems #einlebenlang Auf Facebook ansehen<\/p>\n","protected":false},"author":0,"featured_media":6869,"comment_status":"closed","ping_status":"closed","sticky":false,"template":"","format":"standard","meta":{"inline_featured_image":false,"footnotes":""},"categories":[140,137],"tags":[],"class_list":["post-6868","post","type-post","status-publish","format-standard","has-post-thumbnail","hentry","category-auswaertsspiel","category-kampfmannschaft-1","category-140","category-137","description-off"],"_links":{"self":[{"href":"https:\/\/www.asvschrems.com\/fussball\/wp-json\/wp\/v2\/posts\/6868","targetHints":{"allow":["GET"]}}],"collection":[{"href":"https:\/\/www.asvschrems.com\/fussball\/wp-json\/wp\/v2\/posts"}],"about":[{"href":"https:\/\/www.asvschrems.com\/fussball\/wp-json\/wp\/v2\/types\/post"}],"replies":[{"embeddable":true,"href":"https:\/\/www.asvschrems.com\/fussball\/wp-json\/wp\/v2\/comments?post=6868"}],"version-history":[{"count":1,"href":"https:\/\/www.asvschrems.com\/fussball\/wp-json\/wp\/v2\/posts\/6868\/revisions"}],"predecessor-version":[{"id":6871,"href":"https:\/\/www.asvschrems.com\/fussball\/wp-json\/wp\/v2\/posts\/6868\/revisions\/6871"}],"wp:featuredmedia":[{"embeddable":true,"href":"https:\/\/www.asvschrems.com\/fussball\/wp-json\/wp\/v2\/media\/6869"}],"wp:attachment":[{"href":"https:\/\/www.asvschrems.com\/fussball\/wp-json\/wp\/v2\/media?parent=6868"}],"wp:term":[{"taxonomy":"category","embeddable":true,"href":"https:\/\/www.asvschrems.com\/fussball\/wp-json\/wp\/v2\/categories?post=6868"},{"taxonomy":"post_tag","embeddable":true,"href":"https:\/\/www.asvschrems.com\/fussball\/wp-json\/wp\/v2\/tags?post=6868"}],"curies":[{"name":"wp","href":"https:\/\/api.w.org\/{rel}","templated":true}]}}