{"id":6876,"date":"2026-05-01T15:51:34","date_gmt":"2026-05-01T13:51:34","guid":{"rendered":"https:\/\/www.asvschrems.com\/fussball\/2026\/05\/01\/die-schremser-fuehrung-blieb-nicht-lange-bestehen\/"},"modified":"2026-05-01T18:00:40","modified_gmt":"2026-05-01T16:00:40","slug":"die-schremser-fuehrung-blieb-nicht-lange-bestehen","status":"publish","type":"post","link":"https:\/\/www.asvschrems.com\/fussball\/2026\/05\/01\/die-schremser-fuehrung-blieb-nicht-lange-bestehen\/","title":{"rendered":"Die Schremser-F\u00fchrung blieb nicht lange bestehen, \u2026"},"content":{"rendered":"<p>Die Schremser-F\u00fchrung blieb nicht lange bestehen, die Wr. Neust\u00e4dter konnten in der 32&#8242; Spielminute ausgleichen. Pausenstand: 1:1<\/p>\n<p>AUF GEHT&#8217;S SCHREMSER, K\u00c4MPFEN UND SIEGEN \ud83d\udd25\ud83d\udd25\ud83d\udd25\u2665\ufe0f\ud83d\udc99<\/p>\n<p>#asvschrems #einlebenlang #km1 #ausw\u00e4rts<\/p>\n<p><a href=\"https:\/\/www.facebook.com\/1234684288456363\/posts\/1445749577349832\" rel=\"noopener\" target=\"_blank\">Auf Facebook ansehen<\/a><\/p>\n\n\n\n<figure class=\"wp-block-gallery has-nested-images columns-3 is-cropped wp-block-gallery-1 is-layout-flex wp-block-gallery-is-layout-flex\"><figure class=\"wp-block-image size-large\"><a href=\"https:\/\/www.asvschrems.com\/fussball\/wp-content\/uploads\/2026\/05\/684233924_1445748044016652_2073619267474711576_n.jpg\"><img loading=\"lazy\" decoding=\"async\" width=\"720\" height=\"720\" data-id=\"6877\" src=\"https:\/\/www.asvschrems.com\/fussball\/wp-content\/uploads\/2026\/05\/684233924_1445748044016652_2073619267474711576_n.jpg\" alt=\"Die Schremser-F\u00fchrung blieb nicht lange bestehen, \u2026\" class=\"wp-image-6877\" srcset=\"https:\/\/www.asvschrems.com\/fussball\/wp-content\/uploads\/2026\/05\/684233924_1445748044016652_2073619267474711576_n.jpg 720w, https:\/\/www.asvschrems.com\/fussball\/wp-content\/uploads\/2026\/05\/684233924_1445748044016652_2073619267474711576_n-300x300.jpg 300w, https:\/\/www.asvschrems.com\/fussball\/wp-content\/uploads\/2026\/05\/684233924_1445748044016652_2073619267474711576_n-150x150.jpg 150w\" sizes=\"auto, (max-width: 720px) 100vw, 720px\" \/><\/a><\/figure>\n<figure class=\"wp-block-image size-large\"><a href=\"https:\/\/www.asvschrems.com\/fussball\/wp-content\/uploads\/2026\/05\/684233924_1445748044016652_2073619267474711576_n-1.jpg\"><img loading=\"lazy\" decoding=\"async\" width=\"720\" height=\"720\" data-id=\"6878\" src=\"https:\/\/www.asvschrems.com\/fussball\/wp-content\/uploads\/2026\/05\/684233924_1445748044016652_2073619267474711576_n-1.jpg\" alt=\"Die Schremser-F\u00fchrung blieb nicht lange bestehen, \u2026\" class=\"wp-image-6878\" srcset=\"https:\/\/www.asvschrems.com\/fussball\/wp-content\/uploads\/2026\/05\/684233924_1445748044016652_2073619267474711576_n-1.jpg 720w, https:\/\/www.asvschrems.com\/fussball\/wp-content\/uploads\/2026\/05\/684233924_1445748044016652_2073619267474711576_n-1-300x300.jpg 300w, https:\/\/www.asvschrems.com\/fussball\/wp-content\/uploads\/2026\/05\/684233924_1445748044016652_2073619267474711576_n-1-150x150.jpg 150w\" sizes=\"auto, (max-width: 720px) 100vw, 720px\" \/><\/a><\/figure><\/figure>\n\n","protected":false},"excerpt":{"rendered":"<p>Die Schremser-F\u00fchrung blieb nicht lange bestehen, die Wr. Neust\u00e4dter konnten in der 32&#8242; Spielminute ausgleichen. Pausenstand: 1:1 AUF GEHT&#8217;S SCHREMSER, K\u00c4MPFEN UND SIEGEN \ud83d\udd25\ud83d\udd25\ud83d\udd25\u2665\ufe0f\ud83d\udc99 #asvschrems #einlebenlang #km1 #ausw\u00e4rts Auf Facebook ansehen<\/p>\n","protected":false},"author":0,"featured_media":6877,"comment_status":"closed","ping_status":"closed","sticky":false,"template":"","format":"standard","meta":{"inline_featured_image":false,"footnotes":""},"categories":[140,137],"tags":[],"class_list":["post-6876","post","type-post","status-publish","format-standard","has-post-thumbnail","hentry","category-auswaertsspiel","category-kampfmannschaft-1","category-140","category-137","description-off"],"_links":{"self":[{"href":"https:\/\/www.asvschrems.com\/fussball\/wp-json\/wp\/v2\/posts\/6876","targetHints":{"allow":["GET"]}}],"collection":[{"href":"https:\/\/www.asvschrems.com\/fussball\/wp-json\/wp\/v2\/posts"}],"about":[{"href":"https:\/\/www.asvschrems.com\/fussball\/wp-json\/wp\/v2\/types\/post"}],"replies":[{"embeddable":true,"href":"https:\/\/www.asvschrems.com\/fussball\/wp-json\/wp\/v2\/comments?post=6876"}],"version-history":[{"count":1,"href":"https:\/\/www.asvschrems.com\/fussball\/wp-json\/wp\/v2\/posts\/6876\/revisions"}],"predecessor-version":[{"id":6879,"href":"https:\/\/www.asvschrems.com\/fussball\/wp-json\/wp\/v2\/posts\/6876\/revisions\/6879"}],"wp:featuredmedia":[{"embeddable":true,"href":"https:\/\/www.asvschrems.com\/fussball\/wp-json\/wp\/v2\/media\/6877"}],"wp:attachment":[{"href":"https:\/\/www.asvschrems.com\/fussball\/wp-json\/wp\/v2\/media?parent=6876"}],"wp:term":[{"taxonomy":"category","embeddable":true,"href":"https:\/\/www.asvschrems.com\/fussball\/wp-json\/wp\/v2\/categories?post=6876"},{"taxonomy":"post_tag","embeddable":true,"href":"https:\/\/www.asvschrems.com\/fussball\/wp-json\/wp\/v2\/tags?post=6876"}],"curies":[{"name":"wp","href":"https:\/\/api.w.org\/{rel}","templated":true}]}}